{"headers": {"id": "ID", "periodo": "Per\u00edodo", "titulo": "Mat\u00e9ria", "autor": "Autor", "ementa": "Ementa", "situacao": "Situa\u00e7\u00e3o"}, "results": [{"id": 1793, "periodo": "expediente", "titulo": "Requerimento n\u00ba 3 de 2026", "autor": "Adriana do Sal\u00e3o", "ementa": "Requer a convoca\u00e7\u00e3o do Secret\u00e1rio Municipal de Sa\u00fade, para que responda questionamentos sobre a Sa\u00fade municipal.", "situacao": "N\u00e3o informada"}]}