{"headers": {"id": "ID", "periodo": "Per\u00edodo", "titulo": "Mat\u00e9ria", "autor": "Autor", "ementa": "Ementa", "situacao": "Situa\u00e7\u00e3o"}, "results": [{"id": 1762, "periodo": "expediente", "titulo": "Requerimento n\u00ba 1 de 2026", "autor": "Ana Cl\u00e1udia Sa\u00eata,Adriana do Sal\u00e3o,Clebinho da Pega de Frango,Gl\u00eaick Silva,Jaciz\u00e3o,Leandro Poloniato,Malu Protetora,Tona O Homem da Sa\u00fade,Wanderley do Motot\u00e1xi", "ementa": "Requer a convoca\u00e7\u00e3o da Diretora Executiva do Fundo de Previd\u00eancia de Pires do Rio, a fim de responder questionamentos sobre a atual situa\u00e7\u00e3o do PIRESPREV.", "situacao": "N\u00e3o informada"}]}