{"id":400,"__str__":"2\u00aa Sess\u00e3o Extraordin\u00e1ria da 2\u00aa Sess\u00e3o Legislativa da 20\u00aa Legislatura","link_detail_backend":"/sessao/400","metadata":{"signs":{"upload_ata":{"admin":[],"autores":[["Adriana Cristina Santana Sabino Soares",["2026-04-09T10:18:30-03:00",""]],["Amanda de Oliveira Cavalcanti Carneiro",["2026-04-09T09:50:25-03:00",""]],["Ana Cl\u00e1udia Sa\u00eata Mendes Ferreira",["2026-04-09T09:49:44-03:00",""]],["Antonio Ishac Gebrine El Khouri",["2026-04-09T09:51:53-03:00",""]],["Gl\u00eaick Jos\u00e9 da Silva",["2026-04-09T09:50:48-03:00",""]],["Leandro Gon\u00e7alves Cardoso Correa",["2026-04-09T09:51:12-03:00",""]],["Marcos Pires da Silva",["2026-04-09T09:50:05-03:00",""]],["Marl\u00facia Rosa Vicente",["2026-04-09T09:51:34-03:00",""]]]}}},"cod_andamento_sessao":null,"painel_aberto":false,"data_inicio":"2026-03-30","hora_inicio":"15:09","hora_fim":"15:19","numero":2,"data_fim":"2026-03-30","url_audio":"","url_video":"","upload_pauta":null,"upload_ata":"http://sapl.piresdorio.go.leg.br/media/sapl/public/sessaoplenaria/400/ata/ata_n._13.2026_-_2a_sessao_extraordinaria_-_30_de_marco_de_2026_assinado.pdf","upload_anexo":null,"iniciada":true,"finalizada":true,"interativa":false,"tema_solene":"","data_ultima_atualizacao":"2026-04-09T16:18:32.475911-03:00","publicar_pauta":true,"tipo":2,"sessao_legislativa":7,"legislatura":2,"correspondencias":[]}