{"id":392,"__str__":"2\u00aa Sess\u00e3o Especial da 2\u00aa Sess\u00e3o Legislativa da 20\u00aa Legislatura","link_detail_backend":"/sessao/392","metadata":{"signs":{"upload_ata":{"admin":[],"autores":[["Adriana Cristina Santana Sabino Soares",["2026-03-11T13:19:19-03:00",""]],["Amanda de Oliveira Cavalcanti Carneiro",["2026-03-11T13:19:43-03:00",""]],["Ana Cl\u00e1udia Sa\u00eata Mendes Ferreira",["2026-03-11T13:20:04-03:00",""]],["Antonio Ishac Gebrine El Khouri",["2026-03-11T13:24:49-03:00",""]],["Cleber Pereira Barbosa",["2026-03-11T13:20:56-03:00",""]],["Gl\u00eaick Jos\u00e9 da Silva",["2026-03-11T13:21:13-03:00",""]],["Jaci Sebasti\u00e3o da Silva",["2026-03-11T13:21:32-03:00",""]],["Leandro Gon\u00e7alves Cardoso Correa",["2026-03-11T13:22:18-03:00",""]],["Leandro da Silva Poloniato",["2026-03-11T13:18:58-03:00",""]],["Luciano de Souza",["2026-03-11T13:16:30-03:00",""]],["Marcos Pires da Silva",["2026-03-11T13:16:53-03:00",""]],["Marl\u00facia Rosa Vicente",["2026-03-11T13:24:14-03:00",""]],["Wanderley Luis da Silva",["2026-03-11T13:25:09-03:00",""]]]}}},"cod_andamento_sessao":null,"painel_aberto":false,"data_inicio":"2026-02-24","hora_inicio":"09:14","hora_fim":"11:05","numero":2,"data_fim":"2026-02-24","url_audio":"","url_video":"https://youtu.be/J4kWk7jH_yA?si=54CWgRzqoD78dJz4","upload_pauta":null,"upload_ata":"http://sapl.piresdorio.go.leg.br/media/sapl/public/sessaoplenaria/392/ata/ata_n._6.2026_-_2a_sessao_especial_-_24_de_fevereiro_de_2026_assinado.pdf","upload_anexo":null,"iniciada":true,"finalizada":true,"interativa":false,"tema_solene":"","data_ultima_atualizacao":"2026-03-11T14:26:11.824994-03:00","publicar_pauta":true,"tipo":4,"sessao_legislativa":7,"legislatura":2,"correspondencias":[]}