{"id":391,"__str__":"1\u00aa Sess\u00e3o Especial da 2\u00aa Sess\u00e3o Legislativa da 20\u00aa Legislatura","link_detail_backend":"/sessao/391","metadata":{"signs":{"upload_ata":{"admin":[],"autores":[["Amanda de Oliveira Cavalcanti Carneiro",["2026-02-27T10:17:53-03:00",""]],["Ana Cl\u00e1udia Sa\u00eata Mendes Ferreira",["2026-02-27T11:12:43-03:00",""]],["Cleber Pereira Barbosa",["2026-02-27T11:13:29-03:00",""]],["Gl\u00eaick Jos\u00e9 da Silva",["2026-02-27T10:18:20-03:00",""]],["Leandro Gon\u00e7alves Cardoso Correa",["2026-02-27T10:19:03-03:00",""]],["Luciano de Souza",["2026-02-27T11:12:07-03:00",""]],["Marl\u00facia Rosa Vicente",["2026-02-27T11:11:21-03:00",""]]]}}},"cod_andamento_sessao":null,"painel_aberto":false,"data_inicio":"2026-02-10","hora_inicio":"11:36","hora_fim":"12:40","numero":1,"data_fim":"2026-02-10","url_audio":"","url_video":"https://youtu.be/8Yp822LXU4U?si=C9Q0of9jPDihY1GM","upload_pauta":null,"upload_ata":"http://sapl.piresdorio.go.leg.br/media/sapl/public/sessaoplenaria/391/ata/ata_n._5.2026_-_1a_sessao_especial_-_10_de_fevereiro_de_2026_assinado.pdf","upload_anexo":null,"iniciada":true,"finalizada":true,"interativa":false,"tema_solene":"","data_ultima_atualizacao":"2026-02-27T15:37:43.026485-03:00","publicar_pauta":true,"tipo":4,"sessao_legislativa":7,"legislatura":2,"correspondencias":[]}