{"id":410,"__str__":"Amanda do J\u00falio Auto Pe\u00e7as (8\u00ba orador)","link_detail_backend":"/sessao/oradorexpediente/410","metadata":{},"numero_ordem":8,"url_discurso":"https://youtu.be/DueUmFT8ttU?si=aF_wS-v2MqRXdMhp","observacao":"Na discuss\u00e3o da Mo\u00e7\u00e3o de Aplauso n\u00ba 5/2026.","upload_anexo":null,"sessao_plenaria":402,"parlamentar":16}