{"id":407,"__str__":"Ana Cl\u00e1udia Sa\u00eata (5\u00ba orador)","link_detail_backend":"/sessao/oradorexpediente/407","metadata":{},"numero_ordem":5,"url_discurso":"https://youtu.be/DueUmFT8ttU?si=aF_wS-v2MqRXdMhp","observacao":"Na discuss\u00e3o da Mo\u00e7\u00e3o de Aplauso n\u00ba 5/2026.","upload_anexo":null,"sessao_plenaria":402,"parlamentar":17}