{"id":372,"__str__":"Adriana do Sal\u00e3o (4\u00ba orador)","link_detail_backend":"/sessao/oradorexpediente/372","metadata":{},"numero_ordem":4,"url_discurso":"https://youtu.be/smDZkqQ_IlU?si=2NWFlN2-t5kP8ATw","observacao":"Na discuss\u00e3o do Requerimento de Informa\u00e7\u00e3o n\u00ba 3/2026.","upload_anexo":null,"sessao_plenaria":393,"parlamentar":15}