{"id":369,"__str__":"Ana Cl\u00e1udia Sa\u00eata (1\u00ba orador)","link_detail_backend":"/sessao/oradorexpediente/369","metadata":{},"numero_ordem":1,"url_discurso":"https://youtu.be/smDZkqQ_IlU?si=2NWFlN2-t5kP8ATw","observacao":"Na discuss\u00e3o do Requerimento de Informa\u00e7\u00e3o n\u00ba 2/2026.","upload_anexo":null,"sessao_plenaria":393,"parlamentar":17}