{"id":1966,"__str__":"Parecer da Comiss\u00e3o de Constitui\u00e7\u00e3o n\u00ba 31 de 2026","link_detail_backend":"/materia/1966","metadata":{"signs":{"texto_original":{"admin":[],"autores":[["Gl\u00eaick Jos\u00e9 da Silva",["2026-04-22T16:57:30-03:00",""]],["Luciano de Souza",["2026-04-22T16:56:51-03:00",""]],["Marcos Pires da Silva",["2026-04-22T16:57:13-03:00",""]]]}}},"numero":31,"ano":2026,"numero_protocolo":null,"data_apresentacao":"2026-04-22","tipo_apresentacao":"E","data_publicacao":null,"numero_origem_externa":"","ano_origem_externa":null,"data_origem_externa":null,"apelido":"","dias_prazo":null,"data_fim_prazo":null,"em_tramitacao":true,"polemica":false,"objeto":"","complementar":false,"ementa":"Concede subven\u00e7\u00e3o social ao Asilo S\u00e3o Vicente de Paulo.","indexacao":"","observacao":"","resultado":"","texto_original":"http://sapl.piresdorio.go.leg.br/media/sapl/public/materialegislativa/2026/1966/pccl_-_plo_-_no_28_2026_assinado.pdf","data_ultima_atualizacao":"2026-04-22T17:01:44.553647-03:00","ip":"45.165.69.40","ultima_edicao":"2026-04-22T17:00:57.436786-03:00","tipo":22,"regime_tramitacao":1,"tipo_origem_externa":null,"local_origem_externa":null,"user":26,"anexadas":[],"autores":[42]}