{"id":1965,"__str__":"Parecer da Comiss\u00e3o de Constitui\u00e7\u00e3o n\u00ba 30 de 2026","link_detail_backend":"/materia/1965","metadata":{"signs":{"texto_original":{"admin":[],"autores":[["Gl\u00eaick Jos\u00e9 da Silva",["2026-04-22T16:55:34-03:00",""]],["Luciano de Souza",["2026-04-22T16:56:11-03:00",""]],["Marcos Pires da Silva",["2026-04-22T16:55:53-03:00",""]]]}}},"numero":30,"ano":2026,"numero_protocolo":null,"data_apresentacao":"2026-04-22","tipo_apresentacao":"E","data_publicacao":null,"numero_origem_externa":"","ano_origem_externa":null,"data_origem_externa":null,"apelido":"","dias_prazo":null,"data_fim_prazo":null,"em_tramitacao":true,"polemica":false,"objeto":"","complementar":false,"ementa":"Institui, no \u00e2mbito do Munic\u00edpio de Pires do Rio/GO, o \u201cDia da Cultura Piresina\u201d, a ser celebrado anualmente no dia 21 de abril, e d\u00e1 outras provid\u00eancias.","indexacao":"","observacao":"","resultado":"","texto_original":"http://sapl.piresdorio.go.leg.br/media/sapl/public/materialegislativa/2026/1965/pccl_-_plo_-_no_25_2026_assinado.pdf","data_ultima_atualizacao":"2026-04-22T17:00:53.921993-03:00","ip":"45.165.69.40","ultima_edicao":"2026-04-22T16:59:26.326427-03:00","tipo":22,"regime_tramitacao":1,"tipo_origem_externa":null,"local_origem_externa":null,"user":26,"anexadas":[],"autores":[42]}