{"id":1821,"__str__":"Parecer da Comiss\u00e3o Mista n\u00ba 2 de 2026","link_detail_backend":"/materia/1821","metadata":{"signs":{"texto_original":{"admin":[],"autores":[["Cleber Pereira Barbosa",["2026-02-09T15:05:44-03:00",""]],["Marl\u00facia Rosa Vicente",["2026-02-09T15:06:38-03:00",""]],["Wanderley Luis da Silva",["2026-02-09T15:06:10-03:00",""]]]}}},"numero":2,"ano":2026,"numero_protocolo":null,"data_apresentacao":"2026-02-09","tipo_apresentacao":"E","data_publicacao":null,"numero_origem_externa":"","ano_origem_externa":null,"data_origem_externa":null,"apelido":"","dias_prazo":null,"data_fim_prazo":null,"em_tramitacao":false,"polemica":false,"objeto":"","complementar":false,"ementa":"Institui o Dia do Evang\u00e9lico e o evento cultural Celebra Pires do Rio, e d\u00e1 outras provid\u00eancias.","indexacao":"","observacao":"","resultado":"","texto_original":"http://sapl.piresdorio.go.leg.br/media/sapl/public/materialegislativa/2026/1821/pcom_-_plo_-_no_82_2025_assinado.pdf","data_ultima_atualizacao":"2026-02-24T09:47:23.919289-03:00","ip":"45.165.69.40","ultima_edicao":"2026-02-24T09:45:52.149509-03:00","tipo":24,"regime_tramitacao":1,"tipo_origem_externa":null,"local_origem_externa":null,"user":26,"anexadas":[],"autores":[44]}