{"id":1798,"__str__":"Indica\u00e7\u00e3o n\u00ba 2 de 2026","link_detail_backend":"/materia/1798","metadata":{"signs":{"texto_original":{"admin":[],"autores":[["Ana Cl\u00e1udia Sa\u00eata Mendes Ferreira",["2026-02-23T12:59:49-03:00",""]]]}}},"numero":2,"ano":2026,"numero_protocolo":null,"data_apresentacao":"2026-02-24","tipo_apresentacao":"E","data_publicacao":null,"numero_origem_externa":"","ano_origem_externa":null,"data_origem_externa":null,"apelido":"","dias_prazo":null,"data_fim_prazo":null,"em_tramitacao":false,"polemica":false,"objeto":"","complementar":false,"ementa":"Indica ao Chefe do Poder Executivo a contrata\u00e7\u00e3o de m\u00e9dico geriatra para a rede p\u00fablica municipal de sa\u00fade.","indexacao":"","observacao":"","resultado":"","texto_original":"http://sapl.piresdorio.go.leg.br/media/sapl/public/materialegislativa/2026/1798/ind_02_assinado.pdf","data_ultima_atualizacao":"2026-02-24T15:21:26.881138-03:00","ip":"45.165.69.40","ultima_edicao":"2026-02-24T15:21:26.661246-03:00","tipo":4,"regime_tramitacao":1,"tipo_origem_externa":null,"local_origem_externa":null,"user":25,"anexadas":[],"autores":[45,53,50,52,51,56]}