{"id":1780,"__str__":"Parecer da Comiss\u00e3o de Constitui\u00e7\u00e3o n\u00ba 1 de 2026","link_detail_backend":"/materia/1780","metadata":{"signs":{"texto_original":{"admin":[],"autores":[["Gl\u00eaick Jos\u00e9 da Silva",["2026-02-06T09:52:44-03:00",""]],["Luciano de Souza",["2026-02-06T09:51:30-03:00",""]],["Marcos Pires da Silva",["2026-02-06T09:52:08-03:00",""]]]}}},"numero":1,"ano":2026,"numero_protocolo":129,"data_apresentacao":"2026-02-06","tipo_apresentacao":"E","data_publicacao":null,"numero_origem_externa":"","ano_origem_externa":null,"data_origem_externa":null,"apelido":"","dias_prazo":null,"data_fim_prazo":null,"em_tramitacao":false,"polemica":false,"objeto":"","complementar":false,"ementa":"Disp\u00f5e sobre a Procuradoria Especial de Defesa, Prote\u00e7\u00e3o e Direitos dos Animais no \u00e2mbito da C\u00e2mara Municipal de Pires do Rio.","indexacao":"","observacao":"","resultado":"","texto_original":"http://sapl.piresdorio.go.leg.br/media/sapl/public/materialegislativa/2026/1780/pccl_-_pr_-_no_10_2025_assinado.pdf","data_ultima_atualizacao":"2026-02-08T16:36:33.976515-03:00","ip":"45.165.69.40","ultima_edicao":"2026-02-06T10:09:11.441213-03:00","tipo":22,"regime_tramitacao":1,"tipo_origem_externa":null,"local_origem_externa":null,"user":26,"anexadas":[],"autores":[42]}