{"id":1538,"__str__":"Parecer da Comiss\u00e3o de Constitui\u00e7\u00e3o n\u00ba 38 de 2025","link_detail_backend":"/materia/1538","metadata":{"signs":{"texto_original":{"admin":[],"autores":[["Gl\u00eaick Jos\u00e9 da Silva",["2025-08-25T17:54:01-03:00",""]],["Luciano de Souza",["2025-08-25T17:53:17-03:00",""]],["Marcos Pires da Silva",["2025-08-25T17:53:38-03:00",""]]]}}},"numero":38,"ano":2025,"numero_protocolo":null,"data_apresentacao":"2025-08-25","tipo_apresentacao":"","data_publicacao":null,"numero_origem_externa":"","ano_origem_externa":null,"data_origem_externa":null,"apelido":"","dias_prazo":null,"data_fim_prazo":null,"em_tramitacao":false,"polemica":false,"objeto":"","complementar":false,"ementa":"Disp\u00f5e sobre a cria\u00e7\u00e3o do Plano de Cargos, Carreira e Vencimentos dos Servidores da C\u00e2mara Municipal de Pires do Rio e d\u00e1 outras provid\u00eancias.","indexacao":"","observacao":"","resultado":"","texto_original":"http://sapl.piresdorio.go.leg.br/media/sapl/public/materialegislativa/2025/1538/parecer_comissao_de_constituicao_-_plc_5-_lei_165_assinado.pdf","data_ultima_atualizacao":"2025-08-25T17:55:04.526901-03:00","ip":"45.165.69.40","ultima_edicao":"2025-08-25T17:52:28.775245-03:00","tipo":22,"regime_tramitacao":1,"tipo_origem_externa":null,"local_origem_externa":null,"user":14,"anexadas":[],"autores":[42]}