{"id":1284,"__str__":"Mo\u00e7\u00e3o de Rep\u00fadio n\u00ba 1 de 2025","link_detail_backend":"/materia/1284","metadata":{"signs":{"texto_original":{"admin":[],"autores":[["Ana Cl\u00e1udia Sa\u00eata Mendes Ferreira",["2025-04-08T17:28:58-03:00",""]]]}}},"numero":1,"ano":2025,"numero_protocolo":null,"data_apresentacao":"2025-04-09","tipo_apresentacao":"E","data_publicacao":null,"numero_origem_externa":"","ano_origem_externa":null,"data_origem_externa":null,"apelido":"","dias_prazo":null,"data_fim_prazo":null,"em_tramitacao":true,"polemica":false,"objeto":"","complementar":false,"ementa":"Requer registro de Mo\u00e7\u00e3o de Rep\u00fadio aos atos de viol\u00eancia cometidos contra a vida do jovem Jos\u00e9 Matheus Mariano.","indexacao":"","observacao":"","resultado":"","texto_original":"http://sapl.piresdorio.go.leg.br/media/sapl/public/materialegislativa/2025/1284/morep_1_agressao.pdf","data_ultima_atualizacao":"2025-04-10T10:57:28.615710-03:00","ip":"45.165.69.40","ultima_edicao":"2025-04-10T10:57:28.452588-03:00","tipo":25,"regime_tramitacao":1,"tipo_origem_externa":null,"local_origem_externa":null,"user":3,"anexadas":[],"autores":[45]}