{"id":114,"__str__":"Pedido de Informa\u00e7\u00f5es n\u00ba 26 de 2023","link_detail_backend":"/materia/114","metadata":{},"numero":26,"ano":2023,"numero_protocolo":null,"data_apresentacao":"2023-05-16","tipo_apresentacao":"E","data_publicacao":null,"numero_origem_externa":"","ano_origem_externa":null,"data_origem_externa":null,"apelido":"","dias_prazo":null,"data_fim_prazo":null,"em_tramitacao":false,"polemica":false,"objeto":"","complementar":false,"ementa":"Requer expedi\u00e7\u00e3o de of\u00edcio \u00e0 Chefe do Poder Executivo, a fim de que encaminhe a esta casa rela\u00e7\u00e3o de cargos comissionados criados pela Lei Complementar 175/2023, bem como os Decretos de nomea\u00e7\u00e3o advindos dessa lei.","indexacao":"cargos, comissionados, comiss\u00e3o, Lei Complementar, nomea\u00e7\u00e3o.","observacao":"","resultado":"","texto_original":"http://sapl.piresdorio.go.leg.br/media/sapl/public/materialegislativa/2023/114/brnb422001382b3_034291.pdf","data_ultima_atualizacao":"2023-12-11T17:12:02.542883-03:00","ip":"189.38.43.9","ultima_edicao":"2023-12-11T17:09:21.049573-03:00","tipo":6,"regime_tramitacao":1,"tipo_origem_externa":null,"local_origem_externa":null,"user":2,"anexadas":[],"autores":[13]}