{"id":4,"__str__":"AUDI\u00caNCIA P\u00daBLICA DO DIA 23 DE SETEMBRO DE 2025","link_detail_backend":"/audiencia/4","metadata":{"signs":{"upload_ata":{"admin":[],"autores":[["Adriana Cristina Santana Sabino Soares",["2025-10-07T09:00:19-03:00",""]],["Ana Cl\u00e1udia Sa\u00eata Mendes Ferreira",["2025-10-07T14:59:15-03:00",""]],["Gl\u00eaick Jos\u00e9 da Silva",["2025-10-07T15:01:11-03:00",""]],["Jaci Sebasti\u00e3o da Silva",["2025-10-07T15:02:35-03:00",""]],["Leandro Gon\u00e7alves Cardoso Correa",["2025-10-07T15:03:08-03:00",""]],["Leandro da Silva Poloniato",["2025-10-07T15:00:16-03:00",""]],["Luciano de Souza",["2025-10-07T14:59:40-03:00",""]],["Marl\u00facia Rosa Vicente",["2025-10-07T15:03:30-03:00",""]],["Wanderley Luis da Silva",["2025-10-07T15:03:49-03:00",""]]]}}},"numero":2,"ano":2025,"nome":"AUDI\u00caNCIA P\u00daBLICA DO DIA 23 DE SETEMBRO DE 2025","tema":"LOA 2026 e PPA 2026-2029","data":"2025-09-23","hora_inicio":"14:00","hora_fim":"","observacao":"LOA 2026: https://sapl.piresdorio.go.leg.br/materia/1546\r\n\r\nPPA 2026-2029: https://sapl.piresdorio.go.leg.br/materia/1547","audiencia_cancelada":false,"url_audio":"","url_video":"","upload_pauta":null,"upload_ata":"http://sapl.piresdorio.go.leg.br/media/sapl/public/audienciapublica/4/ata/ata_n._002_-_audiencia_publica_do_dia_23_de_setembro_de_2025_assinado.pdf","upload_anexo":null,"materia":null,"tipo":1,"parlamentar_autor":null,"requerimento":null}